{"id":7782,"date":"2019-03-10T18:30:42","date_gmt":"2019-03-10T17:30:42","guid":{"rendered":"https:\/\/www.cantonuovo.org\/?p=7782"},"modified":"2021-05-18T19:15:46","modified_gmt":"2021-05-18T17:15:46","slug":"tu-sei-la-mia-vita","status":"publish","type":"post","link":"https:\/\/www.cantonuovo.org\/sk\/tu-sei-la-mia-vita\/","title":{"rendered":"Ty si m\u00f4j \u017eivot"},"content":{"rendered":"<h5>Chv\u00e1\u013ete P\u00e1na!!!<\/h5>\n<hr \/>\n<p><iframe loading=\"lazy\" title=\"Cantonuovo Music - Ty si m\u00f4j \u017eivot (lyrics video SK)\" width=\"1140\" height=\"641\" src=\"https:\/\/www.youtube.com\/embed\/aOnHJd7z2nw?wmode=transparent&rel=0&feature=oembed\" frameborder=\"0\" allow=\"accelerometer; autoplay; clipboard-write; encrypted-media; gyroscope; picture-in-picture\" allowfullscreen><\/iframe><\/p>\n<h5>Ty si m\u00f4j \u017eivot,<\/h5>\n<h5>ja in\u00e9 nem\u00e1m,<\/h5>\n<h5>Ty si moja cesta,<\/h5>\n<h5>moja pravda,<\/h5>\n<h5>budem kr\u00e1\u010da\u0165 pod\u013ea tvojho slova<\/h5>\n<h5>k\u00fdm budem d\u00fdcha\u0165,<\/h5>\n<h5>k\u00fdm Ty bude\u0161 chcie\u0165,<\/h5>\n<h5>nebudem sa b\u00e1\u0165,<\/h5>\n<h5>ak Ty si so mnou<\/h5>\n<h5>tak \u0164a pros\u00edm,<\/h5>\n<h5>zosta\u0148 so mnou<\/h5>\n<h6><\/h6>\n<p>Pr\u00edjemn\u00e9 po\u010d\u00favanie.<\/p>\n<hr \/>\n","protected":false},"excerpt":{"rendered":"<p>Chv\u00e1\u013ete P\u00e1na!!! Ty si m\u00f4j \u017eivot, ja in\u00e9 nem\u00e1m, Ty si moja cesta, moja pravda,&#8230;<\/p>\n","protected":false},"author":6,"featured_media":7784,"comment_status":"closed","ping_status":"closed","sticky":false,"template":"","format":"standard","meta":{"footnotes":""},"categories":[84,90],"tags":[],"class_list":["post-7782","post","type-post","status-publish","format-standard","has-post-thumbnail","hentry","category-flumen-laudis","category-news-sk"],"yoast_head":"<!-- This site is optimized with the Yoast SEO plugin v27.4 - https:\/\/yoast.com\/product\/yoast-seo-wordpress\/ -->\n<title>Ty si m\u00f4j \u017eivot - Fondazione Cantonuovo<\/title>\n<meta name=\"robots\" content=\"index, follow, max-snippet:-1, max-image-preview:large, max-video-preview:-1\" \/>\n<link rel=\"canonical\" href=\"https:\/\/www.cantonuovo.org\/sk\/tu-sei-la-mia-vita\/\" \/>\n<meta property=\"og:locale\" content=\"sk_SK\" \/>\n<meta property=\"og:type\" content=\"article\" \/>\n<meta property=\"og:title\" content=\"Ty si m\u00f4j \u017eivot - Fondazione Cantonuovo\" \/>\n<meta property=\"og:description\" content=\"Chv\u00e1\u013ete P\u00e1na!!! Ty si m\u00f4j \u017eivot, ja in\u00e9 nem\u00e1m, Ty si moja cesta, moja pravda,...\" \/>\n<meta property=\"og:url\" content=\"https:\/\/www.cantonuovo.org\/sk\/tu-sei-la-mia-vita\/\" \/>\n<meta property=\"og:site_name\" content=\"Fondazione Cantonuovo\" \/>\n<meta property=\"article:publisher\" content=\"https:\/\/www.facebook.com\/Fondazione-Cantonuovo-157049929923\/\" \/>\n<meta property=\"article:published_time\" content=\"2019-03-10T17:30:42+00:00\" \/>\n<meta property=\"article:modified_time\" content=\"2021-05-18T17:15:46+00:00\" \/>\n<meta property=\"og:image\" content=\"https:\/\/www.cantonuovo.org\/wp-content\/uploads\/2019\/03\/Cantonuovo-Music-Tu-Sei-La-Mia-Vita-lyrics-video-mp3-image.jpg\" \/>\n\t<meta property=\"og:image:width\" content=\"320\" \/>\n\t<meta property=\"og:image:height\" content=\"180\" \/>\n\t<meta property=\"og:image:type\" content=\"image\/jpeg\" \/>\n<meta name=\"author\" content=\"Fondazione Cantonuovo\" \/>\n<meta name=\"twitter:card\" content=\"summary_large_image\" \/>\n<meta name=\"twitter:label1\" content=\"Autor\" \/>\n\t<meta name=\"twitter:data1\" content=\"Fondazione Cantonuovo\" \/>\n<script type=\"application\/ld+json\" class=\"yoast-schema-graph\">{\"@context\":\"https:\\\/\\\/schema.org\",\"@graph\":[{\"@type\":\"Article\",\"@id\":\"https:\\\/\\\/www.cantonuovo.org\\\/sk\\\/tu-sei-la-mia-vita\\\/#article\",\"isPartOf\":{\"@id\":\"https:\\\/\\\/www.cantonuovo.org\\\/sk\\\/tu-sei-la-mia-vita\\\/\"},\"author\":{\"name\":\"Fondazione Cantonuovo\",\"@id\":\"https:\\\/\\\/www.cantonuovo.org\\\/sk\\\/#\\\/schema\\\/person\\\/21e0bd186e05a53dcb2961ae5323b8ad\"},\"headline\":\"Ty si m\u00f4j \u017eivot\",\"datePublished\":\"2019-03-10T17:30:42+00:00\",\"dateModified\":\"2021-05-18T17:15:46+00:00\",\"mainEntityOfPage\":{\"@id\":\"https:\\\/\\\/www.cantonuovo.org\\\/sk\\\/tu-sei-la-mia-vita\\\/\"},\"wordCount\":69,\"publisher\":{\"@id\":\"https:\\\/\\\/www.cantonuovo.org\\\/sk\\\/#organization\"},\"image\":{\"@id\":\"https:\\\/\\\/www.cantonuovo.org\\\/sk\\\/tu-sei-la-mia-vita\\\/#primaryimage\"},\"thumbnailUrl\":\"https:\\\/\\\/www.cantonuovo.org\\\/wp-content\\\/uploads\\\/2019\\\/03\\\/Cantonuovo-Music-Tu-Sei-La-Mia-Vita-lyrics-video-mp3-image.jpg\",\"articleSection\":[\"Flumen laudis\",\"News\"],\"inLanguage\":\"sk-SK\"},{\"@type\":\"WebPage\",\"@id\":\"https:\\\/\\\/www.cantonuovo.org\\\/sk\\\/tu-sei-la-mia-vita\\\/\",\"url\":\"https:\\\/\\\/www.cantonuovo.org\\\/sk\\\/tu-sei-la-mia-vita\\\/\",\"name\":\"Ty si m\u00f4j \u017eivot - Fondazione Cantonuovo\",\"isPartOf\":{\"@id\":\"https:\\\/\\\/www.cantonuovo.org\\\/sk\\\/#website\"},\"primaryImageOfPage\":{\"@id\":\"https:\\\/\\\/www.cantonuovo.org\\\/sk\\\/tu-sei-la-mia-vita\\\/#primaryimage\"},\"image\":{\"@id\":\"https:\\\/\\\/www.cantonuovo.org\\\/sk\\\/tu-sei-la-mia-vita\\\/#primaryimage\"},\"thumbnailUrl\":\"https:\\\/\\\/www.cantonuovo.org\\\/wp-content\\\/uploads\\\/2019\\\/03\\\/Cantonuovo-Music-Tu-Sei-La-Mia-Vita-lyrics-video-mp3-image.jpg\",\"datePublished\":\"2019-03-10T17:30:42+00:00\",\"dateModified\":\"2021-05-18T17:15:46+00:00\",\"breadcrumb\":{\"@id\":\"https:\\\/\\\/www.cantonuovo.org\\\/sk\\\/tu-sei-la-mia-vita\\\/#breadcrumb\"},\"inLanguage\":\"sk-SK\",\"potentialAction\":[{\"@type\":\"ReadAction\",\"target\":[\"https:\\\/\\\/www.cantonuovo.org\\\/sk\\\/tu-sei-la-mia-vita\\\/\"]}]},{\"@type\":\"ImageObject\",\"inLanguage\":\"sk-SK\",\"@id\":\"https:\\\/\\\/www.cantonuovo.org\\\/sk\\\/tu-sei-la-mia-vita\\\/#primaryimage\",\"url\":\"https:\\\/\\\/www.cantonuovo.org\\\/wp-content\\\/uploads\\\/2019\\\/03\\\/Cantonuovo-Music-Tu-Sei-La-Mia-Vita-lyrics-video-mp3-image.jpg\",\"contentUrl\":\"https:\\\/\\\/www.cantonuovo.org\\\/wp-content\\\/uploads\\\/2019\\\/03\\\/Cantonuovo-Music-Tu-Sei-La-Mia-Vita-lyrics-video-mp3-image.jpg\",\"width\":320,\"height\":180},{\"@type\":\"BreadcrumbList\",\"@id\":\"https:\\\/\\\/www.cantonuovo.org\\\/sk\\\/tu-sei-la-mia-vita\\\/#breadcrumb\",\"itemListElement\":[{\"@type\":\"ListItem\",\"position\":1,\"name\":\"Home\",\"item\":\"https:\\\/\\\/www.cantonuovo.org\\\/sk\\\/\"},{\"@type\":\"ListItem\",\"position\":2,\"name\":\"Ty si m\u00f4j \u017eivot\"}]},{\"@type\":\"WebSite\",\"@id\":\"https:\\\/\\\/www.cantonuovo.org\\\/sk\\\/#website\",\"url\":\"https:\\\/\\\/www.cantonuovo.org\\\/sk\\\/\",\"name\":\"Fondazione Cantonuovo\",\"description\":\"Fondazione Cantonuovo\",\"publisher\":{\"@id\":\"https:\\\/\\\/www.cantonuovo.org\\\/sk\\\/#organization\"},\"potentialAction\":[{\"@type\":\"SearchAction\",\"target\":{\"@type\":\"EntryPoint\",\"urlTemplate\":\"https:\\\/\\\/www.cantonuovo.org\\\/sk\\\/?s={search_term_string}\"},\"query-input\":{\"@type\":\"PropertyValueSpecification\",\"valueRequired\":true,\"valueName\":\"search_term_string\"}}],\"inLanguage\":\"sk-SK\"},{\"@type\":\"Organization\",\"@id\":\"https:\\\/\\\/www.cantonuovo.org\\\/sk\\\/#organization\",\"name\":\"Fondazione Cantonuovo\",\"url\":\"https:\\\/\\\/www.cantonuovo.org\\\/sk\\\/\",\"logo\":{\"@type\":\"ImageObject\",\"inLanguage\":\"sk-SK\",\"@id\":\"https:\\\/\\\/www.cantonuovo.org\\\/sk\\\/#\\\/schema\\\/logo\\\/image\\\/\",\"url\":\"https:\\\/\\\/www.cantonuovo.org\\\/wp-content\\\/uploads\\\/2019\\\/01\\\/logo-fondazione-cantonuovo-grigio.png\",\"contentUrl\":\"https:\\\/\\\/www.cantonuovo.org\\\/wp-content\\\/uploads\\\/2019\\\/01\\\/logo-fondazione-cantonuovo-grigio.png\",\"width\":180,\"height\":56,\"caption\":\"Fondazione Cantonuovo\"},\"image\":{\"@id\":\"https:\\\/\\\/www.cantonuovo.org\\\/sk\\\/#\\\/schema\\\/logo\\\/image\\\/\"},\"sameAs\":[\"https:\\\/\\\/www.facebook.com\\\/Fondazione-Cantonuovo-157049929923\\\/\",\"https:\\\/\\\/www.youtube.com\\\/user\\\/cantonuovo\"]},{\"@type\":\"Person\",\"@id\":\"https:\\\/\\\/www.cantonuovo.org\\\/sk\\\/#\\\/schema\\\/person\\\/21e0bd186e05a53dcb2961ae5323b8ad\",\"name\":\"Fondazione Cantonuovo\",\"image\":{\"@type\":\"ImageObject\",\"inLanguage\":\"sk-SK\",\"@id\":\"https:\\\/\\\/secure.gravatar.com\\\/avatar\\\/eb18e761544991f83928342b5f23038573827d3f9814d24b4db47567725834c9?s=96&d=mm&r=g\",\"url\":\"https:\\\/\\\/secure.gravatar.com\\\/avatar\\\/eb18e761544991f83928342b5f23038573827d3f9814d24b4db47567725834c9?s=96&d=mm&r=g\",\"contentUrl\":\"https:\\\/\\\/secure.gravatar.com\\\/avatar\\\/eb18e761544991f83928342b5f23038573827d3f9814d24b4db47567725834c9?s=96&d=mm&r=g\",\"caption\":\"Fondazione Cantonuovo\"},\"url\":\"https:\\\/\\\/www.cantonuovo.org\\\/sk\\\/author\\\/fondazione\\\/\"}]}<\/script>\n<!-- \/ Yoast SEO plugin. -->","yoast_head_json":{"title":"Ty si m\u00f4j \u017eivot - Fondazione Cantonuovo","robots":{"index":"index","follow":"follow","max-snippet":"max-snippet:-1","max-image-preview":"max-image-preview:large","max-video-preview":"max-video-preview:-1"},"canonical":"https:\/\/www.cantonuovo.org\/sk\/tu-sei-la-mia-vita\/","og_locale":"sk_SK","og_type":"article","og_title":"Ty si m\u00f4j \u017eivot - Fondazione Cantonuovo","og_description":"Chv\u00e1\u013ete P\u00e1na!!! Ty si m\u00f4j \u017eivot, ja in\u00e9 nem\u00e1m, Ty si moja cesta, moja pravda,...","og_url":"https:\/\/www.cantonuovo.org\/sk\/tu-sei-la-mia-vita\/","og_site_name":"Fondazione Cantonuovo","article_publisher":"https:\/\/www.facebook.com\/Fondazione-Cantonuovo-157049929923\/","article_published_time":"2019-03-10T17:30:42+00:00","article_modified_time":"2021-05-18T17:15:46+00:00","og_image":[{"width":320,"height":180,"url":"https:\/\/www.cantonuovo.org\/wp-content\/uploads\/2019\/03\/Cantonuovo-Music-Tu-Sei-La-Mia-Vita-lyrics-video-mp3-image.jpg","type":"image\/jpeg"}],"author":"Fondazione Cantonuovo","twitter_card":"summary_large_image","twitter_misc":{"Autor":"Fondazione Cantonuovo"},"schema":{"@context":"https:\/\/schema.org","@graph":[{"@type":"Article","@id":"https:\/\/www.cantonuovo.org\/sk\/tu-sei-la-mia-vita\/#article","isPartOf":{"@id":"https:\/\/www.cantonuovo.org\/sk\/tu-sei-la-mia-vita\/"},"author":{"name":"Fondazione Cantonuovo","@id":"https:\/\/www.cantonuovo.org\/sk\/#\/schema\/person\/21e0bd186e05a53dcb2961ae5323b8ad"},"headline":"Ty si m\u00f4j \u017eivot","datePublished":"2019-03-10T17:30:42+00:00","dateModified":"2021-05-18T17:15:46+00:00","mainEntityOfPage":{"@id":"https:\/\/www.cantonuovo.org\/sk\/tu-sei-la-mia-vita\/"},"wordCount":69,"publisher":{"@id":"https:\/\/www.cantonuovo.org\/sk\/#organization"},"image":{"@id":"https:\/\/www.cantonuovo.org\/sk\/tu-sei-la-mia-vita\/#primaryimage"},"thumbnailUrl":"https:\/\/www.cantonuovo.org\/wp-content\/uploads\/2019\/03\/Cantonuovo-Music-Tu-Sei-La-Mia-Vita-lyrics-video-mp3-image.jpg","articleSection":["Flumen laudis","News"],"inLanguage":"sk-SK"},{"@type":"WebPage","@id":"https:\/\/www.cantonuovo.org\/sk\/tu-sei-la-mia-vita\/","url":"https:\/\/www.cantonuovo.org\/sk\/tu-sei-la-mia-vita\/","name":"Ty si m\u00f4j \u017eivot - Fondazione Cantonuovo","isPartOf":{"@id":"https:\/\/www.cantonuovo.org\/sk\/#website"},"primaryImageOfPage":{"@id":"https:\/\/www.cantonuovo.org\/sk\/tu-sei-la-mia-vita\/#primaryimage"},"image":{"@id":"https:\/\/www.cantonuovo.org\/sk\/tu-sei-la-mia-vita\/#primaryimage"},"thumbnailUrl":"https:\/\/www.cantonuovo.org\/wp-content\/uploads\/2019\/03\/Cantonuovo-Music-Tu-Sei-La-Mia-Vita-lyrics-video-mp3-image.jpg","datePublished":"2019-03-10T17:30:42+00:00","dateModified":"2021-05-18T17:15:46+00:00","breadcrumb":{"@id":"https:\/\/www.cantonuovo.org\/sk\/tu-sei-la-mia-vita\/#breadcrumb"},"inLanguage":"sk-SK","potentialAction":[{"@type":"ReadAction","target":["https:\/\/www.cantonuovo.org\/sk\/tu-sei-la-mia-vita\/"]}]},{"@type":"ImageObject","inLanguage":"sk-SK","@id":"https:\/\/www.cantonuovo.org\/sk\/tu-sei-la-mia-vita\/#primaryimage","url":"https:\/\/www.cantonuovo.org\/wp-content\/uploads\/2019\/03\/Cantonuovo-Music-Tu-Sei-La-Mia-Vita-lyrics-video-mp3-image.jpg","contentUrl":"https:\/\/www.cantonuovo.org\/wp-content\/uploads\/2019\/03\/Cantonuovo-Music-Tu-Sei-La-Mia-Vita-lyrics-video-mp3-image.jpg","width":320,"height":180},{"@type":"BreadcrumbList","@id":"https:\/\/www.cantonuovo.org\/sk\/tu-sei-la-mia-vita\/#breadcrumb","itemListElement":[{"@type":"ListItem","position":1,"name":"Home","item":"https:\/\/www.cantonuovo.org\/sk\/"},{"@type":"ListItem","position":2,"name":"Ty si m\u00f4j \u017eivot"}]},{"@type":"WebSite","@id":"https:\/\/www.cantonuovo.org\/sk\/#website","url":"https:\/\/www.cantonuovo.org\/sk\/","name":"Fondazione Cantonuovo","description":"Fondazione Cantonuovo","publisher":{"@id":"https:\/\/www.cantonuovo.org\/sk\/#organization"},"potentialAction":[{"@type":"SearchAction","target":{"@type":"EntryPoint","urlTemplate":"https:\/\/www.cantonuovo.org\/sk\/?s={search_term_string}"},"query-input":{"@type":"PropertyValueSpecification","valueRequired":true,"valueName":"search_term_string"}}],"inLanguage":"sk-SK"},{"@type":"Organization","@id":"https:\/\/www.cantonuovo.org\/sk\/#organization","name":"Fondazione Cantonuovo","url":"https:\/\/www.cantonuovo.org\/sk\/","logo":{"@type":"ImageObject","inLanguage":"sk-SK","@id":"https:\/\/www.cantonuovo.org\/sk\/#\/schema\/logo\/image\/","url":"https:\/\/www.cantonuovo.org\/wp-content\/uploads\/2019\/01\/logo-fondazione-cantonuovo-grigio.png","contentUrl":"https:\/\/www.cantonuovo.org\/wp-content\/uploads\/2019\/01\/logo-fondazione-cantonuovo-grigio.png","width":180,"height":56,"caption":"Fondazione Cantonuovo"},"image":{"@id":"https:\/\/www.cantonuovo.org\/sk\/#\/schema\/logo\/image\/"},"sameAs":["https:\/\/www.facebook.com\/Fondazione-Cantonuovo-157049929923\/","https:\/\/www.youtube.com\/user\/cantonuovo"]},{"@type":"Person","@id":"https:\/\/www.cantonuovo.org\/sk\/#\/schema\/person\/21e0bd186e05a53dcb2961ae5323b8ad","name":"Fondazione Cantonuovo","image":{"@type":"ImageObject","inLanguage":"sk-SK","@id":"https:\/\/secure.gravatar.com\/avatar\/eb18e761544991f83928342b5f23038573827d3f9814d24b4db47567725834c9?s=96&d=mm&r=g","url":"https:\/\/secure.gravatar.com\/avatar\/eb18e761544991f83928342b5f23038573827d3f9814d24b4db47567725834c9?s=96&d=mm&r=g","contentUrl":"https:\/\/secure.gravatar.com\/avatar\/eb18e761544991f83928342b5f23038573827d3f9814d24b4db47567725834c9?s=96&d=mm&r=g","caption":"Fondazione Cantonuovo"},"url":"https:\/\/www.cantonuovo.org\/sk\/author\/fondazione\/"}]}},"featured_media_src_url":"https:\/\/www.cantonuovo.org\/wp-content\/uploads\/2019\/03\/Cantonuovo-Music-Tu-Sei-La-Mia-Vita-lyrics-video-mp3-image.jpg","_links":{"self":[{"href":"https:\/\/www.cantonuovo.org\/sk\/wp-json\/wp\/v2\/posts\/7782","targetHints":{"allow":["GET"]}}],"collection":[{"href":"https:\/\/www.cantonuovo.org\/sk\/wp-json\/wp\/v2\/posts"}],"about":[{"href":"https:\/\/www.cantonuovo.org\/sk\/wp-json\/wp\/v2\/types\/post"}],"author":[{"embeddable":true,"href":"https:\/\/www.cantonuovo.org\/sk\/wp-json\/wp\/v2\/users\/6"}],"replies":[{"embeddable":true,"href":"https:\/\/www.cantonuovo.org\/sk\/wp-json\/wp\/v2\/comments?post=7782"}],"version-history":[{"count":0,"href":"https:\/\/www.cantonuovo.org\/sk\/wp-json\/wp\/v2\/posts\/7782\/revisions"}],"wp:featuredmedia":[{"embeddable":true,"href":"https:\/\/www.cantonuovo.org\/sk\/wp-json\/wp\/v2\/media\/7784"}],"wp:attachment":[{"href":"https:\/\/www.cantonuovo.org\/sk\/wp-json\/wp\/v2\/media?parent=7782"}],"wp:term":[{"taxonomy":"category","embeddable":true,"href":"https:\/\/www.cantonuovo.org\/sk\/wp-json\/wp\/v2\/categories?post=7782"},{"taxonomy":"post_tag","embeddable":true,"href":"https:\/\/www.cantonuovo.org\/sk\/wp-json\/wp\/v2\/tags?post=7782"}],"curies":[{"name":"wp","href":"https:\/\/api.w.org\/{rel}","templated":true}]}}