{"id":7790,"date":"2019-04-15T21:14:43","date_gmt":"2019-04-15T19:14:43","guid":{"rendered":"https:\/\/www.cantonuovo.org\/?p=7790"},"modified":"2021-05-18T19:15:46","modified_gmt":"2021-05-18T17:15:46","slug":"con-le-ali-tue","status":"publish","type":"post","link":"https:\/\/www.cantonuovo.org\/sk\/con-le-ali-tue\/","title":{"rendered":"S tvojimi kr\u00eddlami"},"content":{"rendered":"<h5>Chv\u00e1\u013ete P\u00e1na!!!<\/h5>\n<hr \/>\n<p><iframe loading=\"lazy\" title=\"Cantonuovo Music - S tvojimi kr\u00eddlam (lyrics video SK)\" width=\"1140\" height=\"641\" src=\"https:\/\/www.youtube.com\/embed\/H7DTqyZcOE4?wmode=transparent&rel=0&feature=oembed\" frameborder=\"0\" allow=\"accelerometer; autoplay; clipboard-write; encrypted-media; gyroscope; picture-in-picture\" allowfullscreen><\/iframe><\/p>\n<p>Pr\u00edjemn\u00e9 po\u010d\u00favanie<\/p>\n<hr \/>\n","protected":false},"excerpt":{"rendered":"<p>Chv\u00e1\u013ete P\u00e1na!!! Pr\u00edjemn\u00e9 po\u010d\u00favanie<\/p>\n","protected":false},"author":6,"featured_media":7792,"comment_status":"closed","ping_status":"closed","sticky":false,"template":"","format":"standard","meta":{"footnotes":""},"categories":[84,105,90],"tags":[],"class_list":["post-7790","post","type-post","status-publish","format-standard","has-post-thumbnail","hentry","category-flumen-laudis","category-hortus-laudis-sk","category-news-sk"],"yoast_head":"<!-- This site is optimized with the Yoast SEO plugin v27.4 - https:\/\/yoast.com\/product\/yoast-seo-wordpress\/ -->\n<title>S tvojimi kr\u00eddlami - Fondazione Cantonuovo<\/title>\n<meta name=\"robots\" content=\"index, follow, max-snippet:-1, max-image-preview:large, max-video-preview:-1\" \/>\n<link rel=\"canonical\" href=\"https:\/\/www.cantonuovo.org\/sk\/con-le-ali-tue\/\" \/>\n<meta property=\"og:locale\" content=\"sk_SK\" \/>\n<meta property=\"og:type\" content=\"article\" \/>\n<meta property=\"og:title\" content=\"S tvojimi kr\u00eddlami - Fondazione Cantonuovo\" \/>\n<meta property=\"og:description\" content=\"Chv\u00e1\u013ete P\u00e1na!!! Pr\u00edjemn\u00e9 po\u010d\u00favanie\" \/>\n<meta property=\"og:url\" content=\"https:\/\/www.cantonuovo.org\/sk\/con-le-ali-tue\/\" \/>\n<meta property=\"og:site_name\" content=\"Fondazione Cantonuovo\" \/>\n<meta property=\"article:publisher\" content=\"https:\/\/www.facebook.com\/Fondazione-Cantonuovo-157049929923\/\" \/>\n<meta property=\"article:published_time\" content=\"2019-04-15T19:14:43+00:00\" \/>\n<meta property=\"article:modified_time\" content=\"2021-05-18T17:15:46+00:00\" \/>\n<meta property=\"og:image\" content=\"https:\/\/www.cantonuovo.org\/wp-content\/uploads\/2019\/04\/con-le-ali-tue-6a.png\" \/>\n\t<meta property=\"og:image:width\" content=\"2300\" \/>\n\t<meta property=\"og:image:height\" content=\"2257\" \/>\n\t<meta property=\"og:image:type\" content=\"image\/png\" \/>\n<meta name=\"author\" content=\"Fondazione Cantonuovo\" \/>\n<meta name=\"twitter:card\" content=\"summary_large_image\" \/>\n<meta name=\"twitter:label1\" content=\"Autor\" \/>\n\t<meta name=\"twitter:data1\" content=\"Fondazione Cantonuovo\" \/>\n<script type=\"application\/ld+json\" class=\"yoast-schema-graph\">{\"@context\":\"https:\\\/\\\/schema.org\",\"@graph\":[{\"@type\":\"Article\",\"@id\":\"https:\\\/\\\/www.cantonuovo.org\\\/sk\\\/con-le-ali-tue\\\/#article\",\"isPartOf\":{\"@id\":\"https:\\\/\\\/www.cantonuovo.org\\\/sk\\\/con-le-ali-tue\\\/\"},\"author\":{\"name\":\"Fondazione Cantonuovo\",\"@id\":\"https:\\\/\\\/www.cantonuovo.org\\\/sk\\\/#\\\/schema\\\/person\\\/21e0bd186e05a53dcb2961ae5323b8ad\"},\"headline\":\"S tvojimi kr\u00eddlami\",\"datePublished\":\"2019-04-15T19:14:43+00:00\",\"dateModified\":\"2021-05-18T17:15:46+00:00\",\"mainEntityOfPage\":{\"@id\":\"https:\\\/\\\/www.cantonuovo.org\\\/sk\\\/con-le-ali-tue\\\/\"},\"wordCount\":20,\"publisher\":{\"@id\":\"https:\\\/\\\/www.cantonuovo.org\\\/sk\\\/#organization\"},\"image\":{\"@id\":\"https:\\\/\\\/www.cantonuovo.org\\\/sk\\\/con-le-ali-tue\\\/#primaryimage\"},\"thumbnailUrl\":\"https:\\\/\\\/www.cantonuovo.org\\\/wp-content\\\/uploads\\\/2019\\\/04\\\/con-le-ali-tue-6a.png\",\"articleSection\":[\"Flumen laudis\",\"Hortus Laudis\",\"News\"],\"inLanguage\":\"sk-SK\"},{\"@type\":\"WebPage\",\"@id\":\"https:\\\/\\\/www.cantonuovo.org\\\/sk\\\/con-le-ali-tue\\\/\",\"url\":\"https:\\\/\\\/www.cantonuovo.org\\\/sk\\\/con-le-ali-tue\\\/\",\"name\":\"S tvojimi kr\u00eddlami - Fondazione Cantonuovo\",\"isPartOf\":{\"@id\":\"https:\\\/\\\/www.cantonuovo.org\\\/sk\\\/#website\"},\"primaryImageOfPage\":{\"@id\":\"https:\\\/\\\/www.cantonuovo.org\\\/sk\\\/con-le-ali-tue\\\/#primaryimage\"},\"image\":{\"@id\":\"https:\\\/\\\/www.cantonuovo.org\\\/sk\\\/con-le-ali-tue\\\/#primaryimage\"},\"thumbnailUrl\":\"https:\\\/\\\/www.cantonuovo.org\\\/wp-content\\\/uploads\\\/2019\\\/04\\\/con-le-ali-tue-6a.png\",\"datePublished\":\"2019-04-15T19:14:43+00:00\",\"dateModified\":\"2021-05-18T17:15:46+00:00\",\"breadcrumb\":{\"@id\":\"https:\\\/\\\/www.cantonuovo.org\\\/sk\\\/con-le-ali-tue\\\/#breadcrumb\"},\"inLanguage\":\"sk-SK\",\"potentialAction\":[{\"@type\":\"ReadAction\",\"target\":[\"https:\\\/\\\/www.cantonuovo.org\\\/sk\\\/con-le-ali-tue\\\/\"]}]},{\"@type\":\"ImageObject\",\"inLanguage\":\"sk-SK\",\"@id\":\"https:\\\/\\\/www.cantonuovo.org\\\/sk\\\/con-le-ali-tue\\\/#primaryimage\",\"url\":\"https:\\\/\\\/www.cantonuovo.org\\\/wp-content\\\/uploads\\\/2019\\\/04\\\/con-le-ali-tue-6a.png\",\"contentUrl\":\"https:\\\/\\\/www.cantonuovo.org\\\/wp-content\\\/uploads\\\/2019\\\/04\\\/con-le-ali-tue-6a.png\",\"width\":2300,\"height\":2257},{\"@type\":\"BreadcrumbList\",\"@id\":\"https:\\\/\\\/www.cantonuovo.org\\\/sk\\\/con-le-ali-tue\\\/#breadcrumb\",\"itemListElement\":[{\"@type\":\"ListItem\",\"position\":1,\"name\":\"Home\",\"item\":\"https:\\\/\\\/www.cantonuovo.org\\\/sk\\\/\"},{\"@type\":\"ListItem\",\"position\":2,\"name\":\"S tvojimi kr\u00eddlami\"}]},{\"@type\":\"WebSite\",\"@id\":\"https:\\\/\\\/www.cantonuovo.org\\\/sk\\\/#website\",\"url\":\"https:\\\/\\\/www.cantonuovo.org\\\/sk\\\/\",\"name\":\"Fondazione Cantonuovo\",\"description\":\"Fondazione Cantonuovo\",\"publisher\":{\"@id\":\"https:\\\/\\\/www.cantonuovo.org\\\/sk\\\/#organization\"},\"potentialAction\":[{\"@type\":\"SearchAction\",\"target\":{\"@type\":\"EntryPoint\",\"urlTemplate\":\"https:\\\/\\\/www.cantonuovo.org\\\/sk\\\/?s={search_term_string}\"},\"query-input\":{\"@type\":\"PropertyValueSpecification\",\"valueRequired\":true,\"valueName\":\"search_term_string\"}}],\"inLanguage\":\"sk-SK\"},{\"@type\":\"Organization\",\"@id\":\"https:\\\/\\\/www.cantonuovo.org\\\/sk\\\/#organization\",\"name\":\"Fondazione Cantonuovo\",\"url\":\"https:\\\/\\\/www.cantonuovo.org\\\/sk\\\/\",\"logo\":{\"@type\":\"ImageObject\",\"inLanguage\":\"sk-SK\",\"@id\":\"https:\\\/\\\/www.cantonuovo.org\\\/sk\\\/#\\\/schema\\\/logo\\\/image\\\/\",\"url\":\"https:\\\/\\\/www.cantonuovo.org\\\/wp-content\\\/uploads\\\/2019\\\/01\\\/logo-fondazione-cantonuovo-grigio.png\",\"contentUrl\":\"https:\\\/\\\/www.cantonuovo.org\\\/wp-content\\\/uploads\\\/2019\\\/01\\\/logo-fondazione-cantonuovo-grigio.png\",\"width\":180,\"height\":56,\"caption\":\"Fondazione Cantonuovo\"},\"image\":{\"@id\":\"https:\\\/\\\/www.cantonuovo.org\\\/sk\\\/#\\\/schema\\\/logo\\\/image\\\/\"},\"sameAs\":[\"https:\\\/\\\/www.facebook.com\\\/Fondazione-Cantonuovo-157049929923\\\/\",\"https:\\\/\\\/www.youtube.com\\\/user\\\/cantonuovo\"]},{\"@type\":\"Person\",\"@id\":\"https:\\\/\\\/www.cantonuovo.org\\\/sk\\\/#\\\/schema\\\/person\\\/21e0bd186e05a53dcb2961ae5323b8ad\",\"name\":\"Fondazione Cantonuovo\",\"image\":{\"@type\":\"ImageObject\",\"inLanguage\":\"sk-SK\",\"@id\":\"https:\\\/\\\/secure.gravatar.com\\\/avatar\\\/eb18e761544991f83928342b5f23038573827d3f9814d24b4db47567725834c9?s=96&d=mm&r=g\",\"url\":\"https:\\\/\\\/secure.gravatar.com\\\/avatar\\\/eb18e761544991f83928342b5f23038573827d3f9814d24b4db47567725834c9?s=96&d=mm&r=g\",\"contentUrl\":\"https:\\\/\\\/secure.gravatar.com\\\/avatar\\\/eb18e761544991f83928342b5f23038573827d3f9814d24b4db47567725834c9?s=96&d=mm&r=g\",\"caption\":\"Fondazione Cantonuovo\"},\"url\":\"https:\\\/\\\/www.cantonuovo.org\\\/sk\\\/author\\\/fondazione\\\/\"}]}<\/script>\n<!-- \/ Yoast SEO plugin. -->","yoast_head_json":{"title":"S tvojimi kr\u00eddlami - Fondazione Cantonuovo","robots":{"index":"index","follow":"follow","max-snippet":"max-snippet:-1","max-image-preview":"max-image-preview:large","max-video-preview":"max-video-preview:-1"},"canonical":"https:\/\/www.cantonuovo.org\/sk\/con-le-ali-tue\/","og_locale":"sk_SK","og_type":"article","og_title":"S tvojimi kr\u00eddlami - Fondazione Cantonuovo","og_description":"Chv\u00e1\u013ete P\u00e1na!!! Pr\u00edjemn\u00e9 po\u010d\u00favanie","og_url":"https:\/\/www.cantonuovo.org\/sk\/con-le-ali-tue\/","og_site_name":"Fondazione Cantonuovo","article_publisher":"https:\/\/www.facebook.com\/Fondazione-Cantonuovo-157049929923\/","article_published_time":"2019-04-15T19:14:43+00:00","article_modified_time":"2021-05-18T17:15:46+00:00","og_image":[{"url":"https:\/\/www.cantonuovo.org\/wp-content\/uploads\/2019\/04\/con-le-ali-tue-6a.png","width":2300,"height":2257,"type":"image\/png"}],"author":"Fondazione Cantonuovo","twitter_card":"summary_large_image","twitter_misc":{"Autor":"Fondazione Cantonuovo"},"schema":{"@context":"https:\/\/schema.org","@graph":[{"@type":"Article","@id":"https:\/\/www.cantonuovo.org\/sk\/con-le-ali-tue\/#article","isPartOf":{"@id":"https:\/\/www.cantonuovo.org\/sk\/con-le-ali-tue\/"},"author":{"name":"Fondazione Cantonuovo","@id":"https:\/\/www.cantonuovo.org\/sk\/#\/schema\/person\/21e0bd186e05a53dcb2961ae5323b8ad"},"headline":"S tvojimi kr\u00eddlami","datePublished":"2019-04-15T19:14:43+00:00","dateModified":"2021-05-18T17:15:46+00:00","mainEntityOfPage":{"@id":"https:\/\/www.cantonuovo.org\/sk\/con-le-ali-tue\/"},"wordCount":20,"publisher":{"@id":"https:\/\/www.cantonuovo.org\/sk\/#organization"},"image":{"@id":"https:\/\/www.cantonuovo.org\/sk\/con-le-ali-tue\/#primaryimage"},"thumbnailUrl":"https:\/\/www.cantonuovo.org\/wp-content\/uploads\/2019\/04\/con-le-ali-tue-6a.png","articleSection":["Flumen laudis","Hortus Laudis","News"],"inLanguage":"sk-SK"},{"@type":"WebPage","@id":"https:\/\/www.cantonuovo.org\/sk\/con-le-ali-tue\/","url":"https:\/\/www.cantonuovo.org\/sk\/con-le-ali-tue\/","name":"S tvojimi kr\u00eddlami - Fondazione Cantonuovo","isPartOf":{"@id":"https:\/\/www.cantonuovo.org\/sk\/#website"},"primaryImageOfPage":{"@id":"https:\/\/www.cantonuovo.org\/sk\/con-le-ali-tue\/#primaryimage"},"image":{"@id":"https:\/\/www.cantonuovo.org\/sk\/con-le-ali-tue\/#primaryimage"},"thumbnailUrl":"https:\/\/www.cantonuovo.org\/wp-content\/uploads\/2019\/04\/con-le-ali-tue-6a.png","datePublished":"2019-04-15T19:14:43+00:00","dateModified":"2021-05-18T17:15:46+00:00","breadcrumb":{"@id":"https:\/\/www.cantonuovo.org\/sk\/con-le-ali-tue\/#breadcrumb"},"inLanguage":"sk-SK","potentialAction":[{"@type":"ReadAction","target":["https:\/\/www.cantonuovo.org\/sk\/con-le-ali-tue\/"]}]},{"@type":"ImageObject","inLanguage":"sk-SK","@id":"https:\/\/www.cantonuovo.org\/sk\/con-le-ali-tue\/#primaryimage","url":"https:\/\/www.cantonuovo.org\/wp-content\/uploads\/2019\/04\/con-le-ali-tue-6a.png","contentUrl":"https:\/\/www.cantonuovo.org\/wp-content\/uploads\/2019\/04\/con-le-ali-tue-6a.png","width":2300,"height":2257},{"@type":"BreadcrumbList","@id":"https:\/\/www.cantonuovo.org\/sk\/con-le-ali-tue\/#breadcrumb","itemListElement":[{"@type":"ListItem","position":1,"name":"Home","item":"https:\/\/www.cantonuovo.org\/sk\/"},{"@type":"ListItem","position":2,"name":"S tvojimi kr\u00eddlami"}]},{"@type":"WebSite","@id":"https:\/\/www.cantonuovo.org\/sk\/#website","url":"https:\/\/www.cantonuovo.org\/sk\/","name":"Fondazione Cantonuovo","description":"Fondazione Cantonuovo","publisher":{"@id":"https:\/\/www.cantonuovo.org\/sk\/#organization"},"potentialAction":[{"@type":"SearchAction","target":{"@type":"EntryPoint","urlTemplate":"https:\/\/www.cantonuovo.org\/sk\/?s={search_term_string}"},"query-input":{"@type":"PropertyValueSpecification","valueRequired":true,"valueName":"search_term_string"}}],"inLanguage":"sk-SK"},{"@type":"Organization","@id":"https:\/\/www.cantonuovo.org\/sk\/#organization","name":"Fondazione Cantonuovo","url":"https:\/\/www.cantonuovo.org\/sk\/","logo":{"@type":"ImageObject","inLanguage":"sk-SK","@id":"https:\/\/www.cantonuovo.org\/sk\/#\/schema\/logo\/image\/","url":"https:\/\/www.cantonuovo.org\/wp-content\/uploads\/2019\/01\/logo-fondazione-cantonuovo-grigio.png","contentUrl":"https:\/\/www.cantonuovo.org\/wp-content\/uploads\/2019\/01\/logo-fondazione-cantonuovo-grigio.png","width":180,"height":56,"caption":"Fondazione Cantonuovo"},"image":{"@id":"https:\/\/www.cantonuovo.org\/sk\/#\/schema\/logo\/image\/"},"sameAs":["https:\/\/www.facebook.com\/Fondazione-Cantonuovo-157049929923\/","https:\/\/www.youtube.com\/user\/cantonuovo"]},{"@type":"Person","@id":"https:\/\/www.cantonuovo.org\/sk\/#\/schema\/person\/21e0bd186e05a53dcb2961ae5323b8ad","name":"Fondazione Cantonuovo","image":{"@type":"ImageObject","inLanguage":"sk-SK","@id":"https:\/\/secure.gravatar.com\/avatar\/eb18e761544991f83928342b5f23038573827d3f9814d24b4db47567725834c9?s=96&d=mm&r=g","url":"https:\/\/secure.gravatar.com\/avatar\/eb18e761544991f83928342b5f23038573827d3f9814d24b4db47567725834c9?s=96&d=mm&r=g","contentUrl":"https:\/\/secure.gravatar.com\/avatar\/eb18e761544991f83928342b5f23038573827d3f9814d24b4db47567725834c9?s=96&d=mm&r=g","caption":"Fondazione Cantonuovo"},"url":"https:\/\/www.cantonuovo.org\/sk\/author\/fondazione\/"}]}},"featured_media_src_url":"https:\/\/www.cantonuovo.org\/wp-content\/uploads\/2019\/04\/con-le-ali-tue-6a.png","_links":{"self":[{"href":"https:\/\/www.cantonuovo.org\/sk\/wp-json\/wp\/v2\/posts\/7790","targetHints":{"allow":["GET"]}}],"collection":[{"href":"https:\/\/www.cantonuovo.org\/sk\/wp-json\/wp\/v2\/posts"}],"about":[{"href":"https:\/\/www.cantonuovo.org\/sk\/wp-json\/wp\/v2\/types\/post"}],"author":[{"embeddable":true,"href":"https:\/\/www.cantonuovo.org\/sk\/wp-json\/wp\/v2\/users\/6"}],"replies":[{"embeddable":true,"href":"https:\/\/www.cantonuovo.org\/sk\/wp-json\/wp\/v2\/comments?post=7790"}],"version-history":[{"count":0,"href":"https:\/\/www.cantonuovo.org\/sk\/wp-json\/wp\/v2\/posts\/7790\/revisions"}],"wp:featuredmedia":[{"embeddable":true,"href":"https:\/\/www.cantonuovo.org\/sk\/wp-json\/wp\/v2\/media\/7792"}],"wp:attachment":[{"href":"https:\/\/www.cantonuovo.org\/sk\/wp-json\/wp\/v2\/media?parent=7790"}],"wp:term":[{"taxonomy":"category","embeddable":true,"href":"https:\/\/www.cantonuovo.org\/sk\/wp-json\/wp\/v2\/categories?post=7790"},{"taxonomy":"post_tag","embeddable":true,"href":"https:\/\/www.cantonuovo.org\/sk\/wp-json\/wp\/v2\/tags?post=7790"}],"curies":[{"name":"wp","href":"https:\/\/api.w.org\/{rel}","templated":true}]}}